{"id":727,"global_id":"truenorthhq.ca\/fr?id=727","global_id_lineage":["truenorthhq.ca\/fr?id=727"],"author":"1","status":"publish","date":"2025-04-24 10:19:38","date_utc":"2025-04-24 14:19:38","modified":"2025-04-24 10:19:48","modified_utc":"2025-04-24 14:19:48","url":"https:\/\/truenorthhq.ca\/fr\/event\/resistance-rally-edmonton\/","rest_url":"https:\/\/truenorthhq.ca\/fr\/wp-json\/tribe\/events\/v1\/events\/727","title":"Resistance Rally (Edmonton)","description":"<div  class=\"tribe-events-schedule tribe-clearfix\" >\n\t<p class=\"tribe-events-schedule__datetime\">\n\t\t<span class=\"tribe-events-schedule__date tribe-events-schedule__date--start\">\n\t\t\t\t\t<\/span>\n\n\t\t\t\t\t<span class=\"tribe-events-schedule__separator tribe-events-schedule__separator--date\">\n\t\t\t\t @ \t\t\t<\/span>\n\t\t\t<span class=\"tribe-events-schedule__time tribe-events-schedule__time--start\">\n\t\t\t\t\t\t\t<\/span>\n\t\t\n\t\t\t<\/p>\n<\/div>\n\n\n\n<figure class=\"wp-block-image size-full\"><img loading=\"lazy\" decoding=\"async\" width=\"500\" height=\"503\" src=\"http:\/\/truenorthhq.ca\/wp-content\/uploads\/2025\/04\/edmonton-resistance-rally-2025-04-26.jpeg\" alt=\"\" class=\"wp-image-730\" srcset=\"https:\/\/truenorthhq.ca\/wp-content\/uploads\/2025\/04\/edmonton-resistance-rally-2025-04-26.jpeg 500w, https:\/\/truenorthhq.ca\/wp-content\/uploads\/2025\/04\/edmonton-resistance-rally-2025-04-26-298x300.jpeg 298w, https:\/\/truenorthhq.ca\/wp-content\/uploads\/2025\/04\/edmonton-resistance-rally-2025-04-26-150x150.jpeg 150w, https:\/\/truenorthhq.ca\/wp-content\/uploads\/2025\/04\/edmonton-resistance-rally-2025-04-26-12x12.jpeg 12w\" sizes=\"auto, (max-width: 500px) 100vw, 500px\" \/><\/figure>\n\n\n\n<p>The Alberta Federation of Labour (AFL) and allies are organizing a \u201cResistance Rally\u201d to be held at the Alberta Legislature on April 26, 2025. The rally is for all Albertans who are dissatisfied with the current direction being taken by the provincial government and who want to advocate for a stronger Alberta within a united Canada.<\/p>\n\n\n<div  class=\"tribe-block tribe-block__event-price\" >\n\t\t<\/div>\n\n\n<div  class=\"tribe-block tribe-block__organizer__details tribe-clearfix\" >\n\t<div class=\"tribe-block__organizer__title\">\n\t\t<h3>Alberta Federation of Labour<\/h3>\n\t<\/div>\n\t\t\t\t<p class=\"tribe-block__organizer__website\"><a href=\"https:\/\/afl.org\" target=\"_blank\" rel=\"noopener noreferrer\">Voir le site Organisateur<\/a><\/p>\n\t\t\t\t<p class=\"tribe-block__organizer__email\">a&#102;&#108;&#064;afl&#046;&#111;r&#103;<\/p>\n\t<\/div>\n\n\n<div  class=\"tribe-block tribe-block__venue tribe-clearfix tribe-block__venue--has-map\" >\n\t\n\t\t\n<div class=\"tribe-block__venue__map\">\n\t\n<iframe loading=\"lazy\"\n  title=\"L\u2018iframe Google maps affichant l\u2019adresse \u00e0 Alberta Legislature Building\"\n  aria-label=\"Plan des lieux\"\n  width=\"310px\"\n  height=\"256px\"\n  frameborder=\"0\" style=\"border:0\"\n  src=\"https:\/\/www.google.com\/maps\/embed\/v1\/place?key=AIzaSyDNsicAsP6-VuGtAb1O9riI3oc_NOb7IOU&#038;q=9820+%E2%80%93+107+Street+NW+Edmonton+AB+AB+Canada+&#038;zoom=15\" allowfullscreen>\n<\/iframe>\n<\/div>\n\n\t<\/div>\n\n\n\n\n\t<div  class=\"tribe-block tribe-block__events-link\" >\n\t\t<div class=\"tribe-events tribe-common\">\n\t\t\t<div class=\"tribe-events-c-subscribe-dropdown__container\">\n\t\t\t\t<div class=\"tribe-events-c-subscribe-dropdown\">\n\t\t\t\t\t<div class=\"tribe-common-c-btn-border tribe-events-c-subscribe-dropdown__button\">\n\t\t\t\t\t\t<svg\n\t class=\"tribe-common-c-svgicon tribe-common-c-svgicon--cal-export tribe-events-c-subscribe-dropdown__export-icon\" \taria-hidden=\"true\"\n\tviewBox=\"0 0 23 17\"\n\txmlns=\"http:\/\/www.w3.org\/2000\/svg\"\n>\n\t<path fill-rule=\"evenodd\" clip-rule=\"evenodd\" d=\"M.128.896V16.13c0 .211.145.383.323.383h15.354c.179 0 .323-.172.323-.383V.896c0-.212-.144-.383-.323-.383H.451C.273.513.128.684.128.896Zm16 6.742h-.901V4.679H1.009v10.729h14.218v-3.336h.901V7.638ZM1.01 1.614h14.218v2.058H1.009V1.614Z\" \/>\n\t<path d=\"M20.5 9.846H8.312M18.524 6.953l2.89 2.909-2.855 2.855\" stroke-width=\"1.2\" stroke-linecap=\"round\" stroke-linejoin=\"round\"\/>\n<\/svg>\n\t\t\t\t\t\t<button\n\t\t\t\t\t\t\tclass=\"tribe-events-c-subscribe-dropdown__button-text\"\n\t\t\t\t\t\t\taria-expanded=\"false\"\n\t\t\t\t\t\t\taria-controls=\"tribe-events-subscribe-dropdown-content\"\n\t\t\t\t\t\t\taria-label=\"Afficher les liens permettant d\u2019ajouter des \u00e9v\u00e8nements \u00e0 votre calendrier\"\n\t\t\t\t\t\t>\n\t\t\t\t\t\t\tAjouter au calendrier\t\t\t\t\t\t<\/button>\n\t\t\t\t\t\t<svg\n\t class=\"tribe-common-c-svgicon tribe-common-c-svgicon--caret-down tribe-events-c-subscribe-dropdown__button-icon\" \taria-hidden=\"true\"\n\tviewBox=\"0 0 10 7\"\n\txmlns=\"http:\/\/www.w3.org\/2000\/svg\"\n>\n\t<path fill-rule=\"evenodd\" clip-rule=\"evenodd\" d=\"M1.008.609L5 4.6 8.992.61l.958.958L5 6.517.05 1.566l.958-.958z\" class=\"tribe-common-c-svgicon__svg-fill\"\/>\n<\/svg>\n\t\t\t\t\t<\/div>\n\t\t\t\t\t<div id=\"tribe-events-subscribe-dropdown-content\" class=\"tribe-events-c-subscribe-dropdown__content\">\n\t\t\t\t\t\t<ul class=\"tribe-events-c-subscribe-dropdown__list\">\n\t\t\t\t\t\t\t\t\t\t\t\t\t\t\t<li class=\"tribe-events-c-subscribe-dropdown__list-item tribe-events-c-subscribe-dropdown__list-item--gcal\">\n\t\t\t\t\t\t\t\t\t<a\n\t\t\t\t\t\t\t\t\t\thref=\"\"\n\t\t\t\t\t\t\t\t\t\tclass=\"tribe-events-c-subscribe-dropdown__list-item-link\"\n\t\t\t\t\t\t\t\t\t\ttarget=\"_blank\"\n\t\t\t\t\t\t\t\t\t\trel=\"noopener noreferrer nofollow noindex\"\n\t\t\t\t\t\t\t\t\t>\n\t\t\t\t\t\t\t\t\t\tGoogle Agenda\t\t\t\t\t\t\t\t\t<\/a>\n\t\t\t\t\t\t\t\t<\/li>\n\t\t\t\t\t\t\t\t\t\t\t\t\t\t\t<li class=\"tribe-events-c-subscribe-dropdown__list-item tribe-events-c-subscribe-dropdown__list-item--ical\">\n\t\t\t\t\t\t\t\t\t<a\n\t\t\t\t\t\t\t\t\t\thref=\"\"\n\t\t\t\t\t\t\t\t\t\tclass=\"tribe-events-c-subscribe-dropdown__list-item-link\"\n\t\t\t\t\t\t\t\t\t\ttarget=\"_blank\"\n\t\t\t\t\t\t\t\t\t\trel=\"noopener noreferrer nofollow noindex\"\n\t\t\t\t\t\t\t\t\t>\n\t\t\t\t\t\t\t\t\t\tiCalendar\t\t\t\t\t\t\t\t\t<\/a>\n\t\t\t\t\t\t\t\t<\/li>\n\t\t\t\t\t\t\t\t\t\t\t\t\t\t\t<li class=\"tribe-events-c-subscribe-dropdown__list-item tribe-events-c-subscribe-dropdown__list-item--outlook-365\">\n\t\t\t\t\t\t\t\t\t<a\n\t\t\t\t\t\t\t\t\t\thref=\"\"\n\t\t\t\t\t\t\t\t\t\tclass=\"tribe-events-c-subscribe-dropdown__list-item-link\"\n\t\t\t\t\t\t\t\t\t\ttarget=\"_blank\"\n\t\t\t\t\t\t\t\t\t\trel=\"noopener noreferrer nofollow noindex\"\n\t\t\t\t\t\t\t\t\t>\n\t\t\t\t\t\t\t\t\t\tOutlook 365\t\t\t\t\t\t\t\t\t<\/a>\n\t\t\t\t\t\t\t\t<\/li>\n\t\t\t\t\t\t\t\t\t\t\t\t\t\t\t<li class=\"tribe-events-c-subscribe-dropdown__list-item tribe-events-c-subscribe-dropdown__list-item--outlook-live\">\n\t\t\t\t\t\t\t\t\t<a\n\t\t\t\t\t\t\t\t\t\thref=\"\"\n\t\t\t\t\t\t\t\t\t\tclass=\"tribe-events-c-subscribe-dropdown__list-item-link\"\n\t\t\t\t\t\t\t\t\t\ttarget=\"_blank\"\n\t\t\t\t\t\t\t\t\t\trel=\"noopener noreferrer nofollow noindex\"\n\t\t\t\t\t\t\t\t\t>\n\t\t\t\t\t\t\t\t\t\tOutlook Live\t\t\t\t\t\t\t\t\t<\/a>\n\t\t\t\t\t\t\t\t<\/li>\n\t\t\t\t\t\t\t\t\t\t\t\t\t<\/ul>\n\t\t\t\t\t<\/div>\n\t\t\t\t<\/div>\n\t\t\t<\/div>\n\t\t<\/div>\n\t<\/div>","excerpt":"","slug":"resistance-rally-edmonton","image":{"url":"https:\/\/truenorthhq.ca\/wp-content\/uploads\/2025\/04\/edmonton-resistance-rally-2025-04-26-thumb.jpeg","id":731,"extension":"jpeg","width":500,"height":247,"filesize":56156,"sizes":{"medium":{"width":300,"height":148,"mime-type":"image\/jpeg","filesize":16662,"url":"https:\/\/truenorthhq.ca\/wp-content\/uploads\/2025\/04\/edmonton-resistance-rally-2025-04-26-thumb-300x148.jpeg"},"thumbnail":{"width":150,"height":150,"mime-type":"image\/jpeg","filesize":11378,"url":"https:\/\/truenorthhq.ca\/wp-content\/uploads\/2025\/04\/edmonton-resistance-rally-2025-04-26-thumb-150x150.jpeg"},"trp-custom-language-flag":{"width":18,"height":9,"mime-type":"image\/jpeg","filesize":4522,"url":"https:\/\/truenorthhq.ca\/wp-content\/uploads\/2025\/04\/edmonton-resistance-rally-2025-04-26-thumb-18x9.jpeg"}}},"all_day":false,"start_date":"2025-04-26 14:30:00","start_date_details":{"year":"2025","month":"04","day":"26","hour":"14","minutes":"30","seconds":"00"},"end_date":"2025-04-26 16:00:00","end_date_details":{"year":"2025","month":"04","day":"26","hour":"16","minutes":"00","seconds":"00"},"utc_start_date":"2025-04-26 18:30:00","utc_start_date_details":{"year":"2025","month":"04","day":"26","hour":"18","minutes":"30","seconds":"00"},"utc_end_date":"2025-04-26 20:00:00","utc_end_date_details":{"year":"2025","month":"04","day":"26","hour":"20","minutes":"00","seconds":"00"},"timezone":"America\/Toronto","timezone_abbr":"","cost":"","cost_details":{"currency_symbol":"$","currency_code":"CAD","currency_position":"prefix","values":[]},"website":"","show_map":false,"show_map_link":false,"hide_from_listings":false,"sticky":false,"featured":false,"categories":[],"tags":[],"venue":{"id":729,"author":"1","status":"publish","date":"2025-04-24 10:15:43","date_utc":"0000-00-00 00:00:00","modified":"2025-04-24 10:15:43","modified_utc":"0000-00-00 00:00:00","url":"https:\/\/truenorthhq.ca\/fr\/lieu\/","venue":"Alberta Legislature Building","address":"9820 \u2013 107 Street NW","city":"Edmonton","country":"Canada","province":"AB","state":"AB","stateprovince":"AB","json_ld":{"@type":"Place","name":"Alberta Legislature Building","description":"","url":"","address":{"@type":"PostalAddress","streetAddress":"9820 \u2013 107 Street NW","addressLocality":"Edmonton","addressRegion":"AB","addressCountry":"Canada"},"telephone":"","sameAs":""},"show_map":true,"show_map_link":true,"global_id":"truenorthhq.ca\/fr?id=729","global_id_lineage":["truenorthhq.ca\/fr?id=729"]},"organizer":[{"id":728,"author":"1","status":"publish","date":"2025-04-24 10:14:02","date_utc":"0000-00-00 00:00:00","modified":"2025-04-24 10:14:02","modified_utc":"0000-00-00 00:00:00","url":"https:\/\/truenorthhq.ca\/fr\/organisateur\/","organizer":"Alberta Federation of Labour","website":"https:\/\/afl.org","email":"afl@afl.org","json_ld":{"@type":"Person","name":"Alberta Federation of Labour","description":"","url":"https:\/\/afl.org","telephone":"","email":"&#97;&#102;&#108;&#64;afl&#46;&#111;rg","sameAs":"https:\/\/afl.org"},"global_id":"truenorthhq.ca\/fr?id=728","global_id_lineage":["truenorthhq.ca\/fr?id=728"]}],"custom_fields":[],"json_ld":{"@context":"http:\/\/schema.org","@type":"Event","name":"Resistance Rally (Edmonton)","description":"&lt;p&gt;The Alberta Federation of Labour (AFL) and allies are organizing a \u201cResistance Rally\u201d to be held at the Alberta Legislature on April 26, 2025. The rally is for all Albertans [&hellip;]&lt;\/p&gt;\\n","image":"https:\/\/truenorthhq.ca\/wp-content\/uploads\/2025\/04\/edmonton-resistance-rally-2025-04-26-thumb.jpeg","url":"https:\/\/truenorthhq.ca\/fr\/event\/resistance-rally-edmonton\/","eventAttendanceMode":"https:\/\/schema.org\/OfflineEventAttendanceMode","eventStatus":"https:\/\/schema.org\/EventScheduled","startDate":"2025-04-26T14:30:00-04:00","endDate":"2025-04-26T16:00:00-04:00","location":{"@type":"Place","name":"Alberta Legislature Building","description":"","url":"","address":{"@type":"PostalAddress","streetAddress":"9820 \u2013 107 Street NW","addressLocality":"Edmonton","addressRegion":"AB","addressCountry":"Canada"},"telephone":"","sameAs":""},"organizer":{"@type":"Person","name":"Alberta Federation of Labour","description":"","url":"https:\/\/afl.org","telephone":"","email":"&#97;&#102;l&#64;&#97;fl&#46;&#111;r&#103;","sameAs":"https:\/\/afl.org"},"performer":"Organization"}}